{"id":1179,"date":"2025-10-20T15:57:55","date_gmt":"2025-10-20T13:57:55","guid":{"rendered":"https:\/\/www.philipperozes.fr\/?p=1179"},"modified":"2026-02-02T11:06:44","modified_gmt":"2026-02-02T10:06:44","slug":"alpes-grands-formats-2","status":"publish","type":"post","link":"https:\/\/www.philipperozes.fr\/index.php\/2025\/10\/20\/alpes-grands-formats-2\/","title":{"rendered":"Alpes grands formats"},"content":{"rendered":"\n<figure class=\"wp-block-gallery has-nested-images columns-default is-cropped wp-block-gallery-1 is-layout-flex wp-block-gallery-is-layout-flex\">\n<figure class=\"wp-block-image size-large\"><img loading=\"lazy\" decoding=\"async\" width=\"1024\" height=\"513\" data-id=\"1180\" src=\"https:\/\/www.philipperozes.fr\/wp-content\/uploads\/2025\/10\/20250902_185249-1024x513.jpg\" alt=\"\" class=\"wp-image-1180\" srcset=\"https:\/\/www.philipperozes.fr\/wp-content\/uploads\/2025\/10\/20250902_185249-1024x513.jpg 1024w, https:\/\/www.philipperozes.fr\/wp-content\/uploads\/2025\/10\/20250902_185249-300x150.jpg 300w, https:\/\/www.philipperozes.fr\/wp-content\/uploads\/2025\/10\/20250902_185249-768x385.jpg 768w, https:\/\/www.philipperozes.fr\/wp-content\/uploads\/2025\/10\/20250902_185249-1536x770.jpg 1536w, https:\/\/www.philipperozes.fr\/wp-content\/uploads\/2025\/10\/20250902_185249-2048x1027.jpg 2048w\" sizes=\"auto, (max-width: 1024px) 100vw, 1024px\" \/><\/figure>\n<\/figure>\n\n\n\n<p class=\"has-small-font-size\"><em>Face Nord de la Meije (76&#215;38 sur feuille 76&#215;38)<\/em> collection particuli\u00e8re<\/p>\n\n\n\n<figure class=\"wp-block-gallery has-nested-images columns-1 is-cropped wp-block-gallery-2 is-layout-flex wp-block-gallery-is-layout-flex\">\n<figure class=\"wp-block-image size-large\"><img loading=\"lazy\" decoding=\"async\" width=\"2560\" height=\"1906\" data-id=\"1186\" src=\"https:\/\/www.philipperozes.fr\/wp-content\/uploads\/2025\/10\/en-montant-au-Col-du-clot-des-Cavales-1-scaled.jpg\" alt=\"\" class=\"wp-image-1186\" srcset=\"https:\/\/www.philipperozes.fr\/wp-content\/uploads\/2025\/10\/en-montant-au-Col-du-clot-des-Cavales-1-scaled.jpg 2560w, https:\/\/www.philipperozes.fr\/wp-content\/uploads\/2025\/10\/en-montant-au-Col-du-clot-des-Cavales-1-300x223.jpg 300w\" sizes=\"auto, (max-width: 2560px) 100vw, 2560px\" \/><\/figure>\n\n\n\n<figure class=\"wp-block-image size-large\"><img loading=\"lazy\" decoding=\"async\" width=\"1024\" height=\"746\" data-id=\"1185\" src=\"https:\/\/www.philipperozes.fr\/wp-content\/uploads\/2025\/10\/20250909_161929-1024x746.jpg\" alt=\"\" class=\"wp-image-1185\" srcset=\"https:\/\/www.philipperozes.fr\/wp-content\/uploads\/2025\/10\/20250909_161929-1024x746.jpg 1024w, https:\/\/www.philipperozes.fr\/wp-content\/uploads\/2025\/10\/20250909_161929-300x218.jpg 300w, https:\/\/www.philipperozes.fr\/wp-content\/uploads\/2025\/10\/20250909_161929-768x559.jpg 768w, https:\/\/www.philipperozes.fr\/wp-content\/uploads\/2025\/10\/20250909_161929-1536x1119.jpg 1536w, https:\/\/www.philipperozes.fr\/wp-content\/uploads\/2025\/10\/20250909_161929-2048x1492.jpg 2048w\" sizes=\"auto, (max-width: 1024px) 100vw, 1024px\" \/><\/figure>\n\n\n\n<figure class=\"wp-block-image size-large\"><img loading=\"lazy\" decoding=\"async\" width=\"1024\" height=\"624\" data-id=\"1187\" src=\"https:\/\/www.philipperozes.fr\/wp-content\/uploads\/2025\/10\/P9010009-1024x624.jpg\" alt=\"\" class=\"wp-image-1187\" srcset=\"https:\/\/www.philipperozes.fr\/wp-content\/uploads\/2025\/10\/P9010009-1024x624.jpg 1024w, https:\/\/www.philipperozes.fr\/wp-content\/uploads\/2025\/10\/P9010009-300x183.jpg 300w, https:\/\/www.philipperozes.fr\/wp-content\/uploads\/2025\/10\/P9010009-768x468.jpg 768w, https:\/\/www.philipperozes.fr\/wp-content\/uploads\/2025\/10\/P9010009-1536x935.jpg 1536w, https:\/\/www.philipperozes.fr\/wp-content\/uploads\/2025\/10\/P9010009-2048x1247.jpg 2048w\" sizes=\"auto, (max-width: 1024px) 100vw, 1024px\" \/><\/figure>\n\n\n\n<figure class=\"wp-block-image size-large\"><img loading=\"lazy\" decoding=\"async\" width=\"1024\" height=\"506\" data-id=\"1183\" src=\"https:\/\/www.philipperozes.fr\/wp-content\/uploads\/2025\/10\/20220618_182728-1024x506.jpg\" alt=\"\" class=\"wp-image-1183\" srcset=\"https:\/\/www.philipperozes.fr\/wp-content\/uploads\/2025\/10\/20220618_182728-1024x506.jpg 1024w, https:\/\/www.philipperozes.fr\/wp-content\/uploads\/2025\/10\/20220618_182728-300x148.jpg 300w, https:\/\/www.philipperozes.fr\/wp-content\/uploads\/2025\/10\/20220618_182728-768x379.jpg 768w, https:\/\/www.philipperozes.fr\/wp-content\/uploads\/2025\/10\/20220618_182728-1536x758.jpg 1536w, https:\/\/www.philipperozes.fr\/wp-content\/uploads\/2025\/10\/20220618_182728-2048x1011.jpg 2048w\" sizes=\"auto, (max-width: 1024px) 100vw, 1024px\" \/><\/figure>\n\n\n\n<figure class=\"wp-block-image size-large\"><img loading=\"lazy\" decoding=\"async\" width=\"1024\" height=\"504\" data-id=\"1182\" src=\"https:\/\/www.philipperozes.fr\/wp-content\/uploads\/2025\/10\/20220514_091340-1024x504.jpg\" alt=\"\" class=\"wp-image-1182\" srcset=\"https:\/\/www.philipperozes.fr\/wp-content\/uploads\/2025\/10\/20220514_091340-1024x504.jpg 1024w, https:\/\/www.philipperozes.fr\/wp-content\/uploads\/2025\/10\/20220514_091340-300x148.jpg 300w, https:\/\/www.philipperozes.fr\/wp-content\/uploads\/2025\/10\/20220514_091340-768x378.jpg 768w, https:\/\/www.philipperozes.fr\/wp-content\/uploads\/2025\/10\/20220514_091340-1536x756.jpg 1536w, https:\/\/www.philipperozes.fr\/wp-content\/uploads\/2025\/10\/20220514_091340-2048x1009.jpg 2048w\" sizes=\"auto, (max-width: 1024px) 100vw, 1024px\" \/><\/figure>\n<\/figure>\n\n\n\n<p class=\"has-small-font-size\"><em>Face Nord de la Meije (76&#215;38 sur feuille 76&#215;38)<\/em> collection particuli\u00e8re<\/p>\n\n\n\n<p class=\"has-small-font-size\"><em>La vague (76&#215;56 sur feuille 76&#215;56)<\/em><\/p>\n\n\n\n<p class=\"has-small-font-size\"><em>Depuis le Glacier Noir (76&#215;56 sur feuille 76&#215;56)<\/em><\/p>\n\n\n\n<p class=\"has-small-font-size\"><em>La Dent Parrach\u00e9e  (70&#215;35 sur feuille 76&#215;56)<\/em><\/p>\n\n\n\n<p class=\"has-small-font-size\"><em>La Grande Casse (70&#215;35 sur feuille 76&#215;56)<\/em><\/p>\n\n\n\n<p><\/p>\n\n\n\n<p><\/p>\n\n\n\n<p>et en prime un petit format r\u00e9alis\u00e9 en atelier :<\/p>\n\n\n<div class=\"wp-block-image\">\n<figure class=\"aligncenter size-large\"><img loading=\"lazy\" decoding=\"async\" width=\"1024\" height=\"665\" src=\"https:\/\/www.philipperozes.fr\/wp-content\/uploads\/2026\/02\/20260202_105027-1024x665.jpg\" alt=\"\" class=\"wp-image-1228\" srcset=\"https:\/\/www.philipperozes.fr\/wp-content\/uploads\/2026\/02\/20260202_105027-1024x665.jpg 1024w, https:\/\/www.philipperozes.fr\/wp-content\/uploads\/2026\/02\/20260202_105027-300x195.jpg 300w, https:\/\/www.philipperozes.fr\/wp-content\/uploads\/2026\/02\/20260202_105027-768x498.jpg 768w, https:\/\/www.philipperozes.fr\/wp-content\/uploads\/2026\/02\/20260202_105027-1536x997.jpg 1536w, https:\/\/www.philipperozes.fr\/wp-content\/uploads\/2026\/02\/20260202_105027-2048x1329.jpg 2048w\" sizes=\"auto, (max-width: 1024px) 100vw, 1024px\" \/><\/figure>\n<\/div>\n\n\n<p class=\"has-small-font-size\"><em>Le d\u00e9part du refuge<\/em> (26&#215;17 sur feuille 28&#215;19)<\/p>\n\n\n\n<p><\/p>\n","protected":false},"excerpt":{"rendered":"<p>Face Nord de la Meije (76&#215;38 sur feuille 76&#215;38) collection particuli\u00e8re Face Nord de la Meije (76&#215;38 sur feuille 76&#215;38) collection particuli\u00e8re La vague (76&#215;56 sur feuille 76&#215;56) Depuis le Glacier Noir (76&#215;56 sur feuille 76&#215;56) La Dent Parrach\u00e9e (70&#215;35 sur feuille 76&#215;56) La Grande Casse (70&#215;35 sur feuille 76&#215;56) et en prime un petit<\/p>\n<p class=\"more-link-wrapper\"><a href=\"https:\/\/www.philipperozes.fr\/index.php\/2025\/10\/20\/alpes-grands-formats-2\/\" class=\"more-link\">Continue Reading<span class=\"screen-reader-text\"> \u00ab\u00a0Alpes grands formats\u00a0\u00bb<\/span><\/a><\/p>\n","protected":false},"author":1,"featured_media":1180,"comment_status":"closed","ping_status":"closed","sticky":false,"template":"","format":"standard","meta":{"footnotes":""},"categories":[14,15],"tags":[],"class_list":["post-1179","post","type-post","status-publish","format-standard","has-post-thumbnail","hentry","category-landscapes","category-montagne"],"yoast_head":"<!-- This site is optimized with the Yoast SEO plugin v27.5 - https:\/\/yoast.com\/product\/yoast-seo-wordpress\/ -->\n<title>Alpes grands formats - Philippe Roz\u00e8s<\/title>\n<meta name=\"robots\" content=\"index, follow, max-snippet:-1, max-image-preview:large, max-video-preview:-1\" \/>\n<link rel=\"canonical\" href=\"https:\/\/www.philipperozes.fr\/index.php\/2025\/10\/20\/alpes-grands-formats-2\/\" \/>\n<meta property=\"og:locale\" content=\"fr_FR\" \/>\n<meta property=\"og:type\" content=\"article\" \/>\n<meta property=\"og:title\" content=\"Alpes grands formats - Philippe Roz\u00e8s\" \/>\n<meta property=\"og:description\" content=\"Face Nord de la Meije (76&#215;38 sur feuille 76&#215;38) collection particuli\u00e8re Face Nord de la Meije (76&#215;38 sur feuille 76&#215;38) collection particuli\u00e8re La vague (76&#215;56 sur feuille 76&#215;56) Depuis le Glacier Noir (76&#215;56 sur feuille 76&#215;56) La Dent Parrach\u00e9e (70&#215;35 sur feuille 76&#215;56) La Grande Casse (70&#215;35 sur feuille 76&#215;56) et en prime un petitContinue Reading &quot;Alpes grands formats&quot;\" \/>\n<meta property=\"og:url\" content=\"https:\/\/www.philipperozes.fr\/index.php\/2025\/10\/20\/alpes-grands-formats-2\/\" \/>\n<meta property=\"og:site_name\" content=\"Philippe Roz\u00e8s\" \/>\n<meta property=\"article:published_time\" content=\"2025-10-20T13:57:55+00:00\" \/>\n<meta property=\"article:modified_time\" content=\"2026-02-02T10:06:44+00:00\" \/>\n<meta property=\"og:image\" content=\"https:\/\/www.philipperozes.fr\/wp-content\/uploads\/2025\/10\/20250902_185249-scaled.jpg\" \/>\n\t<meta property=\"og:image:width\" content=\"2560\" \/>\n\t<meta property=\"og:image:height\" content=\"1284\" \/>\n\t<meta property=\"og:image:type\" content=\"image\/jpeg\" \/>\n<meta name=\"author\" content=\"Philippe Rozes\" \/>\n<meta name=\"twitter:card\" content=\"summary_large_image\" \/>\n<meta name=\"twitter:label1\" content=\"\u00c9crit par\" \/>\n\t<meta name=\"twitter:data1\" content=\"Philippe Rozes\" \/>\n\t<meta name=\"twitter:label2\" content=\"Dur\u00e9e de lecture estim\u00e9e\" \/>\n\t<meta name=\"twitter:data2\" content=\"2 minutes\" \/>\n<script type=\"application\/ld+json\" class=\"yoast-schema-graph\">{\"@context\":\"https:\\\/\\\/schema.org\",\"@graph\":[{\"@type\":\"Article\",\"@id\":\"https:\\\/\\\/www.philipperozes.fr\\\/index.php\\\/2025\\\/10\\\/20\\\/alpes-grands-formats-2\\\/#article\",\"isPartOf\":{\"@id\":\"https:\\\/\\\/www.philipperozes.fr\\\/index.php\\\/2025\\\/10\\\/20\\\/alpes-grands-formats-2\\\/\"},\"author\":{\"name\":\"Philippe Rozes\",\"@id\":\"https:\\\/\\\/www.philipperozes.fr\\\/#\\\/schema\\\/person\\\/5edafc45f8b89911ceddd1d470b2e908\"},\"headline\":\"Alpes grands formats\",\"datePublished\":\"2025-10-20T13:57:55+00:00\",\"dateModified\":\"2026-02-02T10:06:44+00:00\",\"mainEntityOfPage\":{\"@id\":\"https:\\\/\\\/www.philipperozes.fr\\\/index.php\\\/2025\\\/10\\\/20\\\/alpes-grands-formats-2\\\/\"},\"wordCount\":75,\"publisher\":{\"@id\":\"https:\\\/\\\/www.philipperozes.fr\\\/#\\\/schema\\\/person\\\/5edafc45f8b89911ceddd1d470b2e908\"},\"image\":{\"@id\":\"https:\\\/\\\/www.philipperozes.fr\\\/index.php\\\/2025\\\/10\\\/20\\\/alpes-grands-formats-2\\\/#primaryimage\"},\"thumbnailUrl\":\"https:\\\/\\\/www.philipperozes.fr\\\/wp-content\\\/uploads\\\/2025\\\/10\\\/20250902_185249-scaled.jpg\",\"articleSection\":[\"Landscapes\",\"Montagne\"],\"inLanguage\":\"fr-FR\"},{\"@type\":\"WebPage\",\"@id\":\"https:\\\/\\\/www.philipperozes.fr\\\/index.php\\\/2025\\\/10\\\/20\\\/alpes-grands-formats-2\\\/\",\"url\":\"https:\\\/\\\/www.philipperozes.fr\\\/index.php\\\/2025\\\/10\\\/20\\\/alpes-grands-formats-2\\\/\",\"name\":\"Alpes grands formats - Philippe Roz\u00e8s\",\"isPartOf\":{\"@id\":\"https:\\\/\\\/www.philipperozes.fr\\\/#website\"},\"primaryImageOfPage\":{\"@id\":\"https:\\\/\\\/www.philipperozes.fr\\\/index.php\\\/2025\\\/10\\\/20\\\/alpes-grands-formats-2\\\/#primaryimage\"},\"image\":{\"@id\":\"https:\\\/\\\/www.philipperozes.fr\\\/index.php\\\/2025\\\/10\\\/20\\\/alpes-grands-formats-2\\\/#primaryimage\"},\"thumbnailUrl\":\"https:\\\/\\\/www.philipperozes.fr\\\/wp-content\\\/uploads\\\/2025\\\/10\\\/20250902_185249-scaled.jpg\",\"datePublished\":\"2025-10-20T13:57:55+00:00\",\"dateModified\":\"2026-02-02T10:06:44+00:00\",\"breadcrumb\":{\"@id\":\"https:\\\/\\\/www.philipperozes.fr\\\/index.php\\\/2025\\\/10\\\/20\\\/alpes-grands-formats-2\\\/#breadcrumb\"},\"inLanguage\":\"fr-FR\",\"potentialAction\":[{\"@type\":\"ReadAction\",\"target\":[\"https:\\\/\\\/www.philipperozes.fr\\\/index.php\\\/2025\\\/10\\\/20\\\/alpes-grands-formats-2\\\/\"]}]},{\"@type\":\"ImageObject\",\"inLanguage\":\"fr-FR\",\"@id\":\"https:\\\/\\\/www.philipperozes.fr\\\/index.php\\\/2025\\\/10\\\/20\\\/alpes-grands-formats-2\\\/#primaryimage\",\"url\":\"https:\\\/\\\/www.philipperozes.fr\\\/wp-content\\\/uploads\\\/2025\\\/10\\\/20250902_185249-scaled.jpg\",\"contentUrl\":\"https:\\\/\\\/www.philipperozes.fr\\\/wp-content\\\/uploads\\\/2025\\\/10\\\/20250902_185249-scaled.jpg\",\"width\":2560,\"height\":1284},{\"@type\":\"BreadcrumbList\",\"@id\":\"https:\\\/\\\/www.philipperozes.fr\\\/index.php\\\/2025\\\/10\\\/20\\\/alpes-grands-formats-2\\\/#breadcrumb\",\"itemListElement\":[{\"@type\":\"ListItem\",\"position\":1,\"name\":\"Accueil\",\"item\":\"https:\\\/\\\/www.philipperozes.fr\\\/\"},{\"@type\":\"ListItem\",\"position\":2,\"name\":\"Alpes grands formats\"}]},{\"@type\":\"WebSite\",\"@id\":\"https:\\\/\\\/www.philipperozes.fr\\\/#website\",\"url\":\"https:\\\/\\\/www.philipperozes.fr\\\/\",\"name\":\"Philippe Roz\u00e8s\",\"description\":\"watercolors\",\"publisher\":{\"@id\":\"https:\\\/\\\/www.philipperozes.fr\\\/#\\\/schema\\\/person\\\/5edafc45f8b89911ceddd1d470b2e908\"},\"potentialAction\":[{\"@type\":\"SearchAction\",\"target\":{\"@type\":\"EntryPoint\",\"urlTemplate\":\"https:\\\/\\\/www.philipperozes.fr\\\/?s={search_term_string}\"},\"query-input\":{\"@type\":\"PropertyValueSpecification\",\"valueRequired\":true,\"valueName\":\"search_term_string\"}}],\"inLanguage\":\"fr-FR\"},{\"@type\":[\"Person\",\"Organization\"],\"@id\":\"https:\\\/\\\/www.philipperozes.fr\\\/#\\\/schema\\\/person\\\/5edafc45f8b89911ceddd1d470b2e908\",\"name\":\"Philippe Rozes\",\"image\":{\"@type\":\"ImageObject\",\"inLanguage\":\"fr-FR\",\"@id\":\"https:\\\/\\\/secure.gravatar.com\\\/avatar\\\/c7125c83b62bc4056c838637f7f1585b1949318c9c8f181b3351296d2ea8aa9e?s=96&d=mm&r=g\",\"url\":\"https:\\\/\\\/secure.gravatar.com\\\/avatar\\\/c7125c83b62bc4056c838637f7f1585b1949318c9c8f181b3351296d2ea8aa9e?s=96&d=mm&r=g\",\"contentUrl\":\"https:\\\/\\\/secure.gravatar.com\\\/avatar\\\/c7125c83b62bc4056c838637f7f1585b1949318c9c8f181b3351296d2ea8aa9e?s=96&d=mm&r=g\",\"caption\":\"Philippe Rozes\"},\"logo\":{\"@id\":\"https:\\\/\\\/secure.gravatar.com\\\/avatar\\\/c7125c83b62bc4056c838637f7f1585b1949318c9c8f181b3351296d2ea8aa9e?s=96&d=mm&r=g\"},\"sameAs\":[\"http:\\\/\\\/vtcsegu.cluster028.hosting.ovh.net\",\"https:\\\/\\\/www.instagram.com\\\/philipperozes_watercolor\\\/\"],\"url\":\"https:\\\/\\\/www.philipperozes.fr\\\/index.php\\\/author\\\/admin1007\\\/\"}]}<\/script>\n<!-- \/ Yoast SEO plugin. -->","yoast_head_json":{"title":"Alpes grands formats - Philippe Roz\u00e8s","robots":{"index":"index","follow":"follow","max-snippet":"max-snippet:-1","max-image-preview":"max-image-preview:large","max-video-preview":"max-video-preview:-1"},"canonical":"https:\/\/www.philipperozes.fr\/index.php\/2025\/10\/20\/alpes-grands-formats-2\/","og_locale":"fr_FR","og_type":"article","og_title":"Alpes grands formats - Philippe Roz\u00e8s","og_description":"Face Nord de la Meije (76&#215;38 sur feuille 76&#215;38) collection particuli\u00e8re Face Nord de la Meije (76&#215;38 sur feuille 76&#215;38) collection particuli\u00e8re La vague (76&#215;56 sur feuille 76&#215;56) Depuis le Glacier Noir (76&#215;56 sur feuille 76&#215;56) La Dent Parrach\u00e9e (70&#215;35 sur feuille 76&#215;56) La Grande Casse (70&#215;35 sur feuille 76&#215;56) et en prime un petitContinue Reading \"Alpes grands formats\"","og_url":"https:\/\/www.philipperozes.fr\/index.php\/2025\/10\/20\/alpes-grands-formats-2\/","og_site_name":"Philippe Roz\u00e8s","article_published_time":"2025-10-20T13:57:55+00:00","article_modified_time":"2026-02-02T10:06:44+00:00","og_image":[{"width":2560,"height":1284,"url":"https:\/\/www.philipperozes.fr\/wp-content\/uploads\/2025\/10\/20250902_185249-scaled.jpg","type":"image\/jpeg"}],"author":"Philippe Rozes","twitter_card":"summary_large_image","twitter_misc":{"\u00c9crit par":"Philippe Rozes","Dur\u00e9e de lecture estim\u00e9e":"2 minutes"},"schema":{"@context":"https:\/\/schema.org","@graph":[{"@type":"Article","@id":"https:\/\/www.philipperozes.fr\/index.php\/2025\/10\/20\/alpes-grands-formats-2\/#article","isPartOf":{"@id":"https:\/\/www.philipperozes.fr\/index.php\/2025\/10\/20\/alpes-grands-formats-2\/"},"author":{"name":"Philippe Rozes","@id":"https:\/\/www.philipperozes.fr\/#\/schema\/person\/5edafc45f8b89911ceddd1d470b2e908"},"headline":"Alpes grands formats","datePublished":"2025-10-20T13:57:55+00:00","dateModified":"2026-02-02T10:06:44+00:00","mainEntityOfPage":{"@id":"https:\/\/www.philipperozes.fr\/index.php\/2025\/10\/20\/alpes-grands-formats-2\/"},"wordCount":75,"publisher":{"@id":"https:\/\/www.philipperozes.fr\/#\/schema\/person\/5edafc45f8b89911ceddd1d470b2e908"},"image":{"@id":"https:\/\/www.philipperozes.fr\/index.php\/2025\/10\/20\/alpes-grands-formats-2\/#primaryimage"},"thumbnailUrl":"https:\/\/www.philipperozes.fr\/wp-content\/uploads\/2025\/10\/20250902_185249-scaled.jpg","articleSection":["Landscapes","Montagne"],"inLanguage":"fr-FR"},{"@type":"WebPage","@id":"https:\/\/www.philipperozes.fr\/index.php\/2025\/10\/20\/alpes-grands-formats-2\/","url":"https:\/\/www.philipperozes.fr\/index.php\/2025\/10\/20\/alpes-grands-formats-2\/","name":"Alpes grands formats - Philippe Roz\u00e8s","isPartOf":{"@id":"https:\/\/www.philipperozes.fr\/#website"},"primaryImageOfPage":{"@id":"https:\/\/www.philipperozes.fr\/index.php\/2025\/10\/20\/alpes-grands-formats-2\/#primaryimage"},"image":{"@id":"https:\/\/www.philipperozes.fr\/index.php\/2025\/10\/20\/alpes-grands-formats-2\/#primaryimage"},"thumbnailUrl":"https:\/\/www.philipperozes.fr\/wp-content\/uploads\/2025\/10\/20250902_185249-scaled.jpg","datePublished":"2025-10-20T13:57:55+00:00","dateModified":"2026-02-02T10:06:44+00:00","breadcrumb":{"@id":"https:\/\/www.philipperozes.fr\/index.php\/2025\/10\/20\/alpes-grands-formats-2\/#breadcrumb"},"inLanguage":"fr-FR","potentialAction":[{"@type":"ReadAction","target":["https:\/\/www.philipperozes.fr\/index.php\/2025\/10\/20\/alpes-grands-formats-2\/"]}]},{"@type":"ImageObject","inLanguage":"fr-FR","@id":"https:\/\/www.philipperozes.fr\/index.php\/2025\/10\/20\/alpes-grands-formats-2\/#primaryimage","url":"https:\/\/www.philipperozes.fr\/wp-content\/uploads\/2025\/10\/20250902_185249-scaled.jpg","contentUrl":"https:\/\/www.philipperozes.fr\/wp-content\/uploads\/2025\/10\/20250902_185249-scaled.jpg","width":2560,"height":1284},{"@type":"BreadcrumbList","@id":"https:\/\/www.philipperozes.fr\/index.php\/2025\/10\/20\/alpes-grands-formats-2\/#breadcrumb","itemListElement":[{"@type":"ListItem","position":1,"name":"Accueil","item":"https:\/\/www.philipperozes.fr\/"},{"@type":"ListItem","position":2,"name":"Alpes grands formats"}]},{"@type":"WebSite","@id":"https:\/\/www.philipperozes.fr\/#website","url":"https:\/\/www.philipperozes.fr\/","name":"Philippe Roz\u00e8s","description":"watercolors","publisher":{"@id":"https:\/\/www.philipperozes.fr\/#\/schema\/person\/5edafc45f8b89911ceddd1d470b2e908"},"potentialAction":[{"@type":"SearchAction","target":{"@type":"EntryPoint","urlTemplate":"https:\/\/www.philipperozes.fr\/?s={search_term_string}"},"query-input":{"@type":"PropertyValueSpecification","valueRequired":true,"valueName":"search_term_string"}}],"inLanguage":"fr-FR"},{"@type":["Person","Organization"],"@id":"https:\/\/www.philipperozes.fr\/#\/schema\/person\/5edafc45f8b89911ceddd1d470b2e908","name":"Philippe Rozes","image":{"@type":"ImageObject","inLanguage":"fr-FR","@id":"https:\/\/secure.gravatar.com\/avatar\/c7125c83b62bc4056c838637f7f1585b1949318c9c8f181b3351296d2ea8aa9e?s=96&d=mm&r=g","url":"https:\/\/secure.gravatar.com\/avatar\/c7125c83b62bc4056c838637f7f1585b1949318c9c8f181b3351296d2ea8aa9e?s=96&d=mm&r=g","contentUrl":"https:\/\/secure.gravatar.com\/avatar\/c7125c83b62bc4056c838637f7f1585b1949318c9c8f181b3351296d2ea8aa9e?s=96&d=mm&r=g","caption":"Philippe Rozes"},"logo":{"@id":"https:\/\/secure.gravatar.com\/avatar\/c7125c83b62bc4056c838637f7f1585b1949318c9c8f181b3351296d2ea8aa9e?s=96&d=mm&r=g"},"sameAs":["http:\/\/vtcsegu.cluster028.hosting.ovh.net","https:\/\/www.instagram.com\/philipperozes_watercolor\/"],"url":"https:\/\/www.philipperozes.fr\/index.php\/author\/admin1007\/"}]}},"_links":{"self":[{"href":"https:\/\/www.philipperozes.fr\/index.php\/wp-json\/wp\/v2\/posts\/1179","targetHints":{"allow":["GET"]}}],"collection":[{"href":"https:\/\/www.philipperozes.fr\/index.php\/wp-json\/wp\/v2\/posts"}],"about":[{"href":"https:\/\/www.philipperozes.fr\/index.php\/wp-json\/wp\/v2\/types\/post"}],"author":[{"embeddable":true,"href":"https:\/\/www.philipperozes.fr\/index.php\/wp-json\/wp\/v2\/users\/1"}],"replies":[{"embeddable":true,"href":"https:\/\/www.philipperozes.fr\/index.php\/wp-json\/wp\/v2\/comments?post=1179"}],"version-history":[{"count":2,"href":"https:\/\/www.philipperozes.fr\/index.php\/wp-json\/wp\/v2\/posts\/1179\/revisions"}],"predecessor-version":[{"id":1231,"href":"https:\/\/www.philipperozes.fr\/index.php\/wp-json\/wp\/v2\/posts\/1179\/revisions\/1231"}],"wp:featuredmedia":[{"embeddable":true,"href":"https:\/\/www.philipperozes.fr\/index.php\/wp-json\/wp\/v2\/media\/1180"}],"wp:attachment":[{"href":"https:\/\/www.philipperozes.fr\/index.php\/wp-json\/wp\/v2\/media?parent=1179"}],"wp:term":[{"taxonomy":"category","embeddable":true,"href":"https:\/\/www.philipperozes.fr\/index.php\/wp-json\/wp\/v2\/categories?post=1179"},{"taxonomy":"post_tag","embeddable":true,"href":"https:\/\/www.philipperozes.fr\/index.php\/wp-json\/wp\/v2\/tags?post=1179"}],"curies":[{"name":"wp","href":"https:\/\/api.w.org\/{rel}","templated":true}]}}